{"id":30,"date":"2015-04-23T13:46:25","date_gmt":"2015-04-23T12:46:25","guid":{"rendered":"http:\/\/histoirehaitimontreal.espaceweb.usherbrooke.ca\/histoire\/?p=30"},"modified":"2015-04-23T13:46:25","modified_gmt":"2015-04-23T12:46:25","slug":"7-fevrier-1986-chute-du-regime-duvalier","status":"publish","type":"post","link":"https:\/\/histoirehaitimontreal.espaceweb.usherbrooke.ca\/histoire\/?p=30","title":{"rendered":"7 f\u00e9vrier 1986 : Chute du r\u00e9gime Duvalier"},"content":{"rendered":"<p>En Ha\u00efti, le dictateur Jean-Claude Duvalier est pouss\u00e9 \u00e0 l\u2019exil par la grogne populaire. Dans les mois et les ann\u00e9es qui suivent, on ne remarque pas de mouvement significatif de populations d\u2019immigrants ha\u00eftiens qu\u00e9b\u00e9cois vers leur pays natal, ce qui tend \u00e0 confirmer l\u2019enracinement de la communaut\u00e9 ha\u00eftienne au Qu\u00e9bec.<\/p>\n","protected":false},"excerpt":{"rendered":"<p>En Ha\u00efti, le dictateur Jean-Claude Duvalier est pouss\u00e9 \u00e0 l\u2019exil par la grogne populaire. Dans les mois et les ann\u00e9es qui suivent, on ne remarque pas de mouvement significatif de populations d\u2019immigrants ha\u00eftiens qu\u00e9b\u00e9cois vers leur pays natal, ce qui tend \u00e0 confirmer l\u2019enracinement de la communaut\u00e9 ha\u00eftienne au Qu\u00e9bec.<\/p>\n","protected":false},"author":1,"featured_media":0,"comment_status":"open","ping_status":"closed","sticky":false,"template":"","format":"standard","meta":{"footnotes":""},"categories":[2],"tags":[],"class_list":["post-30","post","type-post","status-publish","format-standard","hentry","category-ligne-du-temps"],"_links":{"self":[{"href":"https:\/\/histoirehaitimontreal.espaceweb.usherbrooke.ca\/histoire\/index.php?rest_route=\/wp\/v2\/posts\/30","targetHints":{"allow":["GET"]}}],"collection":[{"href":"https:\/\/histoirehaitimontreal.espaceweb.usherbrooke.ca\/histoire\/index.php?rest_route=\/wp\/v2\/posts"}],"about":[{"href":"https:\/\/histoirehaitimontreal.espaceweb.usherbrooke.ca\/histoire\/index.php?rest_route=\/wp\/v2\/types\/post"}],"author":[{"embeddable":true,"href":"https:\/\/histoirehaitimontreal.espaceweb.usherbrooke.ca\/histoire\/index.php?rest_route=\/wp\/v2\/users\/1"}],"replies":[{"embeddable":true,"href":"https:\/\/histoirehaitimontreal.espaceweb.usherbrooke.ca\/histoire\/index.php?rest_route=%2Fwp%2Fv2%2Fcomments&post=30"}],"version-history":[{"count":1,"href":"https:\/\/histoirehaitimontreal.espaceweb.usherbrooke.ca\/histoire\/index.php?rest_route=\/wp\/v2\/posts\/30\/revisions"}],"predecessor-version":[{"id":31,"href":"https:\/\/histoirehaitimontreal.espaceweb.usherbrooke.ca\/histoire\/index.php?rest_route=\/wp\/v2\/posts\/30\/revisions\/31"}],"wp:attachment":[{"href":"https:\/\/histoirehaitimontreal.espaceweb.usherbrooke.ca\/histoire\/index.php?rest_route=%2Fwp%2Fv2%2Fmedia&parent=30"}],"wp:term":[{"taxonomy":"category","embeddable":true,"href":"https:\/\/histoirehaitimontreal.espaceweb.usherbrooke.ca\/histoire\/index.php?rest_route=%2Fwp%2Fv2%2Fcategories&post=30"},{"taxonomy":"post_tag","embeddable":true,"href":"https:\/\/histoirehaitimontreal.espaceweb.usherbrooke.ca\/histoire\/index.php?rest_route=%2Fwp%2Fv2%2Ftags&post=30"}],"curies":[{"name":"wp","href":"https:\/\/api.w.org\/{rel}","templated":true}]}}