{"id":24,"date":"2015-04-23T13:44:38","date_gmt":"2015-04-23T12:44:38","guid":{"rendered":"http:\/\/histoirehaitimontreal.espaceweb.usherbrooke.ca\/histoire\/?p=24"},"modified":"2015-04-23T13:44:38","modified_gmt":"2015-04-23T12:44:38","slug":"milieu-des-annees-70-seconde-vague-dimmigration-haitienne-au-quebec","status":"publish","type":"post","link":"https:\/\/histoirehaitimontreal.espaceweb.usherbrooke.ca\/histoire\/?p=24","title":{"rendered":"Milieu des ann\u00e9es 70 : Seconde vague d\u2019immigration ha\u00eftienne au Qu\u00e9bec"},"content":{"rendered":"<p>Cette seconde vague d\u2019immigration est due \u00e0 un retour aux pratiques de torture et de pers\u00e9cutions par le r\u00e9gime Duvalier en Ha\u00efti. La peur des violences commandit\u00e9es par le gouvernement affecte cette fois toutes les couches de la population ha\u00eftienne, ce qui a pour effet de faire de la seconde vague d\u2019immigration un mouvement de populations moins sp\u00e9cialis\u00e9es. Les nouveaux immigrants ne sont plus seulement des membres de l\u2019intelligentsia ha\u00eftienne, mais \u00e9galement des ouvriers, des paysans, etc.\u00a0 Tandis qu\u2019on qualifiait la premi\u00e8re vague d\u2019\u00abexode des cerveaux\u00bb, on parle ici d\u2019\u00abexode des bras\u00bb. Avec le conteste de r\u00e9cession qui s\u2019abat sur le Qu\u00e9bec au d\u00e9but des ann\u00e9es 80, cette immigration est moins bien per\u00e7ue par les Qu\u00e9b\u00e9cois, qui la per\u00e7oivent comme une concurrence accrue pour les emplois les plus affect\u00e9s par la crise.<\/p>\n","protected":false},"excerpt":{"rendered":"<p>Cette seconde vague d\u2019immigration est due \u00e0 un retour aux pratiques de torture et de pers\u00e9cutions par le r\u00e9gime Duvalier en Ha\u00efti. La peur des violences commandit\u00e9es par le gouvernement affecte cette fois toutes les couches de la population ha\u00eftienne, ce qui a pour effet de faire de la seconde vague d\u2019immigration un mouvement de &hellip; <a href=\"https:\/\/histoirehaitimontreal.espaceweb.usherbrooke.ca\/histoire\/?p=24\" class=\"more-link\">Continuer la lecture de <span class=\"screen-reader-text\">Milieu des ann\u00e9es 70 : Seconde vague d\u2019immigration ha\u00eftienne au Qu\u00e9bec<\/span><\/a><\/p>\n","protected":false},"author":1,"featured_media":0,"comment_status":"open","ping_status":"closed","sticky":false,"template":"","format":"standard","meta":{"footnotes":""},"categories":[2],"tags":[],"class_list":["post-24","post","type-post","status-publish","format-standard","hentry","category-ligne-du-temps"],"_links":{"self":[{"href":"https:\/\/histoirehaitimontreal.espaceweb.usherbrooke.ca\/histoire\/index.php?rest_route=\/wp\/v2\/posts\/24","targetHints":{"allow":["GET"]}}],"collection":[{"href":"https:\/\/histoirehaitimontreal.espaceweb.usherbrooke.ca\/histoire\/index.php?rest_route=\/wp\/v2\/posts"}],"about":[{"href":"https:\/\/histoirehaitimontreal.espaceweb.usherbrooke.ca\/histoire\/index.php?rest_route=\/wp\/v2\/types\/post"}],"author":[{"embeddable":true,"href":"https:\/\/histoirehaitimontreal.espaceweb.usherbrooke.ca\/histoire\/index.php?rest_route=\/wp\/v2\/users\/1"}],"replies":[{"embeddable":true,"href":"https:\/\/histoirehaitimontreal.espaceweb.usherbrooke.ca\/histoire\/index.php?rest_route=%2Fwp%2Fv2%2Fcomments&post=24"}],"version-history":[{"count":1,"href":"https:\/\/histoirehaitimontreal.espaceweb.usherbrooke.ca\/histoire\/index.php?rest_route=\/wp\/v2\/posts\/24\/revisions"}],"predecessor-version":[{"id":25,"href":"https:\/\/histoirehaitimontreal.espaceweb.usherbrooke.ca\/histoire\/index.php?rest_route=\/wp\/v2\/posts\/24\/revisions\/25"}],"wp:attachment":[{"href":"https:\/\/histoirehaitimontreal.espaceweb.usherbrooke.ca\/histoire\/index.php?rest_route=%2Fwp%2Fv2%2Fmedia&parent=24"}],"wp:term":[{"taxonomy":"category","embeddable":true,"href":"https:\/\/histoirehaitimontreal.espaceweb.usherbrooke.ca\/histoire\/index.php?rest_route=%2Fwp%2Fv2%2Fcategories&post=24"},{"taxonomy":"post_tag","embeddable":true,"href":"https:\/\/histoirehaitimontreal.espaceweb.usherbrooke.ca\/histoire\/index.php?rest_route=%2Fwp%2Fv2%2Ftags&post=24"}],"curies":[{"name":"wp","href":"https:\/\/api.w.org\/{rel}","templated":true}]}}