{"id":18,"date":"2015-04-23T13:32:43","date_gmt":"2015-04-23T12:32:43","guid":{"rendered":"http:\/\/histoirehaitimontreal.espaceweb.usherbrooke.ca\/histoire\/?p=18"},"modified":"2015-04-23T13:32:48","modified_gmt":"2015-04-23T12:32:48","slug":"19-janvier-1962-reforme-de-limmigration-au-niveau-federal","status":"publish","type":"post","link":"https:\/\/histoirehaitimontreal.espaceweb.usherbrooke.ca\/histoire\/?p=18","title":{"rendered":"19 janvier 1962 : R\u00e9forme de l\u2019immigration au niveau f\u00e9d\u00e9ral"},"content":{"rendered":"<p>Le gouvernement canadien, avec le parti conservateur au pouvoir, fait adopter une r\u00e9forme des mesures d\u2019immigration au pays. Celle-ci abolit notamment les mesures discriminatoires bas\u00e9es sur la race en ce qui concerne l\u2019immigration. Ce projet fut d\u00e9pos\u00e9 \u00e0 la Chambre des communes par la ministre de la Citoyennet\u00e9 et de l\u2019Immigration Ellen Fairclough. Il s\u2019agit d\u2019une mesure importante, car elle favorisera grandement l\u2019arriv\u00e9e massive d\u2019immigrants ha\u00eftiens au Canada dans les ann\u00e9es suivantes.<\/p>\n","protected":false},"excerpt":{"rendered":"<p>Le gouvernement canadien, avec le parti conservateur au pouvoir, fait adopter une r\u00e9forme des mesures d\u2019immigration au pays. Celle-ci abolit notamment les mesures discriminatoires bas\u00e9es sur la race en ce qui concerne l\u2019immigration. Ce projet fut d\u00e9pos\u00e9 \u00e0 la Chambre des communes par la ministre de la Citoyennet\u00e9 et de l\u2019Immigration Ellen Fairclough. Il s\u2019agit &hellip; <a href=\"https:\/\/histoirehaitimontreal.espaceweb.usherbrooke.ca\/histoire\/?p=18\" class=\"more-link\">Continuer la lecture de <span class=\"screen-reader-text\">19 janvier 1962 : R\u00e9forme de l\u2019immigration au niveau f\u00e9d\u00e9ral<\/span><\/a><\/p>\n","protected":false},"author":1,"featured_media":0,"comment_status":"open","ping_status":"closed","sticky":false,"template":"","format":"standard","meta":{"footnotes":""},"categories":[2],"tags":[],"class_list":["post-18","post","type-post","status-publish","format-standard","hentry","category-ligne-du-temps"],"_links":{"self":[{"href":"https:\/\/histoirehaitimontreal.espaceweb.usherbrooke.ca\/histoire\/index.php?rest_route=\/wp\/v2\/posts\/18","targetHints":{"allow":["GET"]}}],"collection":[{"href":"https:\/\/histoirehaitimontreal.espaceweb.usherbrooke.ca\/histoire\/index.php?rest_route=\/wp\/v2\/posts"}],"about":[{"href":"https:\/\/histoirehaitimontreal.espaceweb.usherbrooke.ca\/histoire\/index.php?rest_route=\/wp\/v2\/types\/post"}],"author":[{"embeddable":true,"href":"https:\/\/histoirehaitimontreal.espaceweb.usherbrooke.ca\/histoire\/index.php?rest_route=\/wp\/v2\/users\/1"}],"replies":[{"embeddable":true,"href":"https:\/\/histoirehaitimontreal.espaceweb.usherbrooke.ca\/histoire\/index.php?rest_route=%2Fwp%2Fv2%2Fcomments&post=18"}],"version-history":[{"count":1,"href":"https:\/\/histoirehaitimontreal.espaceweb.usherbrooke.ca\/histoire\/index.php?rest_route=\/wp\/v2\/posts\/18\/revisions"}],"predecessor-version":[{"id":19,"href":"https:\/\/histoirehaitimontreal.espaceweb.usherbrooke.ca\/histoire\/index.php?rest_route=\/wp\/v2\/posts\/18\/revisions\/19"}],"wp:attachment":[{"href":"https:\/\/histoirehaitimontreal.espaceweb.usherbrooke.ca\/histoire\/index.php?rest_route=%2Fwp%2Fv2%2Fmedia&parent=18"}],"wp:term":[{"taxonomy":"category","embeddable":true,"href":"https:\/\/histoirehaitimontreal.espaceweb.usherbrooke.ca\/histoire\/index.php?rest_route=%2Fwp%2Fv2%2Fcategories&post=18"},{"taxonomy":"post_tag","embeddable":true,"href":"https:\/\/histoirehaitimontreal.espaceweb.usherbrooke.ca\/histoire\/index.php?rest_route=%2Fwp%2Fv2%2Ftags&post=18"}],"curies":[{"name":"wp","href":"https:\/\/api.w.org\/{rel}","templated":true}]}}