{"id":13,"date":"2015-04-23T13:26:46","date_gmt":"2015-04-23T12:26:46","guid":{"rendered":"http:\/\/histoirehaitimontreal.espaceweb.usherbrooke.ca\/histoire\/?p=13"},"modified":"2015-04-23T13:26:46","modified_gmt":"2015-04-23T12:26:46","slug":"1955-1965-premiere-vague-dimmigration-haitienne-au-quebec","status":"publish","type":"post","link":"https:\/\/histoirehaitimontreal.espaceweb.usherbrooke.ca\/histoire\/?p=13","title":{"rendered":"1955-1965 : Premi\u00e8re vague d\u2019immigration ha\u00eftienne au Qu\u00e9bec."},"content":{"rendered":"<p>Cette premi\u00e8re grande augmentation de l\u2019immigration ha\u00eftienne au Qu\u00e9bec est due \u00e0 la prise de pouvoir du dictateur Fran\u00e7ois Duvalier en Ha\u00efti. Le champion du mouvement noiriste se r\u00e9v\u00e8le rapidement hostile \u00e0 la pr\u00e9sence de populations blanches et mul\u00e2tres, qu\u2019il consid\u00e8re comme des traitres \u00e0 la nation ha\u00eftienne depuis ses origines. L\u2019id\u00e9ologie populiste de Duvalier fait \u00e9galement de lui un ennemi de l\u2019\u00e9lite intellectuelle ha\u00eftienne, qui compose en grande partie la premi\u00e8re vague d\u2019immigrants ha\u00eftiens des ann\u00e9es 50-60 au Qu\u00e9bec. Cette arriv\u00e9e de professionnels (m\u00e9decins, enseignants, etc.) est la bienvenue dans un Qu\u00e9bec alors en manque de cadres et de personnel qualifi\u00e9.<\/p>\n","protected":false},"excerpt":{"rendered":"<p>Cette premi\u00e8re grande augmentation de l\u2019immigration ha\u00eftienne au Qu\u00e9bec est due \u00e0 la prise de pouvoir du dictateur Fran\u00e7ois Duvalier en Ha\u00efti. Le champion du mouvement noiriste se r\u00e9v\u00e8le rapidement hostile \u00e0 la pr\u00e9sence de populations blanches et mul\u00e2tres, qu\u2019il consid\u00e8re comme des traitres \u00e0 la nation ha\u00eftienne depuis ses origines. L\u2019id\u00e9ologie populiste de Duvalier &hellip; <a href=\"https:\/\/histoirehaitimontreal.espaceweb.usherbrooke.ca\/histoire\/?p=13\" class=\"more-link\">Continuer la lecture de <span class=\"screen-reader-text\">1955-1965 : Premi\u00e8re vague d\u2019immigration ha\u00eftienne au Qu\u00e9bec.<\/span><\/a><\/p>\n","protected":false},"author":1,"featured_media":0,"comment_status":"open","ping_status":"closed","sticky":false,"template":"","format":"standard","meta":{"footnotes":""},"categories":[2],"tags":[],"class_list":["post-13","post","type-post","status-publish","format-standard","hentry","category-ligne-du-temps"],"_links":{"self":[{"href":"https:\/\/histoirehaitimontreal.espaceweb.usherbrooke.ca\/histoire\/index.php?rest_route=\/wp\/v2\/posts\/13","targetHints":{"allow":["GET"]}}],"collection":[{"href":"https:\/\/histoirehaitimontreal.espaceweb.usherbrooke.ca\/histoire\/index.php?rest_route=\/wp\/v2\/posts"}],"about":[{"href":"https:\/\/histoirehaitimontreal.espaceweb.usherbrooke.ca\/histoire\/index.php?rest_route=\/wp\/v2\/types\/post"}],"author":[{"embeddable":true,"href":"https:\/\/histoirehaitimontreal.espaceweb.usherbrooke.ca\/histoire\/index.php?rest_route=\/wp\/v2\/users\/1"}],"replies":[{"embeddable":true,"href":"https:\/\/histoirehaitimontreal.espaceweb.usherbrooke.ca\/histoire\/index.php?rest_route=%2Fwp%2Fv2%2Fcomments&post=13"}],"version-history":[{"count":1,"href":"https:\/\/histoirehaitimontreal.espaceweb.usherbrooke.ca\/histoire\/index.php?rest_route=\/wp\/v2\/posts\/13\/revisions"}],"predecessor-version":[{"id":14,"href":"https:\/\/histoirehaitimontreal.espaceweb.usherbrooke.ca\/histoire\/index.php?rest_route=\/wp\/v2\/posts\/13\/revisions\/14"}],"wp:attachment":[{"href":"https:\/\/histoirehaitimontreal.espaceweb.usherbrooke.ca\/histoire\/index.php?rest_route=%2Fwp%2Fv2%2Fmedia&parent=13"}],"wp:term":[{"taxonomy":"category","embeddable":true,"href":"https:\/\/histoirehaitimontreal.espaceweb.usherbrooke.ca\/histoire\/index.php?rest_route=%2Fwp%2Fv2%2Fcategories&post=13"},{"taxonomy":"post_tag","embeddable":true,"href":"https:\/\/histoirehaitimontreal.espaceweb.usherbrooke.ca\/histoire\/index.php?rest_route=%2Fwp%2Fv2%2Ftags&post=13"}],"curies":[{"name":"wp","href":"https:\/\/api.w.org\/{rel}","templated":true}]}}