{"id":11,"date":"2015-04-23T13:25:44","date_gmt":"2015-04-23T12:25:44","guid":{"rendered":"http:\/\/histoirehaitimontreal.espaceweb.usherbrooke.ca\/histoire\/?p=11"},"modified":"2015-04-23T13:26:02","modified_gmt":"2015-04-23T12:26:02","slug":"1937-debut-des-relations-diplomatiques-entre-le-canada-et-haiti","status":"publish","type":"post","link":"https:\/\/histoirehaitimontreal.espaceweb.usherbrooke.ca\/histoire\/?p=11","title":{"rendered":"1937 : D\u00e9but des relations diplomatiques entre le Canada et Ha\u00efti"},"content":{"rendered":"<p>Il s\u2019agit des premi\u00e8res relations diplomatiques que le Canada entretient en son nom propre, alors qu\u2019il est un pays \u00e0 part enti\u00e8re et poss\u00e8de le contr\u00f4le de ses \u00e9changes internationaux depuis le Statut de Westminster, en 1931. Ces \u00e9changes donnent notamment lieu \u00e0 la visite de nombreux \u00e9tudiants ha\u00eftiens au Canada dans les ann\u00e9es 1930, qui choisissent d\u2019effectuer leurs \u00e9tudes en ce pays. Cette diplomatie des cerveaux s\u2019accompagne \u00e9galement des d\u00e9buts d\u2019une diplomatie religieuse. En effet, on assiste dans ces ann\u00e9es aux premiers balbutiements des missions religieuses catholiques canadiennes en Ha\u00efti. \u00c0 cause du partage de la langue fran\u00e7aise et de la foi catholique, les liens entre le Qu\u00e9bec et la Perle noire des Antilles deviennent particuli\u00e8rement solides.<\/p>\n","protected":false},"excerpt":{"rendered":"<p>Il s\u2019agit des premi\u00e8res relations diplomatiques que le Canada entretient en son nom propre, alors qu\u2019il est un pays \u00e0 part enti\u00e8re et poss\u00e8de le contr\u00f4le de ses \u00e9changes internationaux depuis le Statut de Westminster, en 1931. Ces \u00e9changes donnent notamment lieu \u00e0 la visite de nombreux \u00e9tudiants ha\u00eftiens au Canada dans les ann\u00e9es 1930, &hellip; <a href=\"https:\/\/histoirehaitimontreal.espaceweb.usherbrooke.ca\/histoire\/?p=11\" class=\"more-link\">Continuer la lecture de <span class=\"screen-reader-text\">1937 : D\u00e9but des relations diplomatiques entre le Canada et Ha\u00efti<\/span><\/a><\/p>\n","protected":false},"author":1,"featured_media":0,"comment_status":"open","ping_status":"closed","sticky":false,"template":"","format":"standard","meta":{"footnotes":""},"categories":[2],"tags":[],"class_list":["post-11","post","type-post","status-publish","format-standard","hentry","category-ligne-du-temps"],"_links":{"self":[{"href":"https:\/\/histoirehaitimontreal.espaceweb.usherbrooke.ca\/histoire\/index.php?rest_route=\/wp\/v2\/posts\/11","targetHints":{"allow":["GET"]}}],"collection":[{"href":"https:\/\/histoirehaitimontreal.espaceweb.usherbrooke.ca\/histoire\/index.php?rest_route=\/wp\/v2\/posts"}],"about":[{"href":"https:\/\/histoirehaitimontreal.espaceweb.usherbrooke.ca\/histoire\/index.php?rest_route=\/wp\/v2\/types\/post"}],"author":[{"embeddable":true,"href":"https:\/\/histoirehaitimontreal.espaceweb.usherbrooke.ca\/histoire\/index.php?rest_route=\/wp\/v2\/users\/1"}],"replies":[{"embeddable":true,"href":"https:\/\/histoirehaitimontreal.espaceweb.usherbrooke.ca\/histoire\/index.php?rest_route=%2Fwp%2Fv2%2Fcomments&post=11"}],"version-history":[{"count":1,"href":"https:\/\/histoirehaitimontreal.espaceweb.usherbrooke.ca\/histoire\/index.php?rest_route=\/wp\/v2\/posts\/11\/revisions"}],"predecessor-version":[{"id":12,"href":"https:\/\/histoirehaitimontreal.espaceweb.usherbrooke.ca\/histoire\/index.php?rest_route=\/wp\/v2\/posts\/11\/revisions\/12"}],"wp:attachment":[{"href":"https:\/\/histoirehaitimontreal.espaceweb.usherbrooke.ca\/histoire\/index.php?rest_route=%2Fwp%2Fv2%2Fmedia&parent=11"}],"wp:term":[{"taxonomy":"category","embeddable":true,"href":"https:\/\/histoirehaitimontreal.espaceweb.usherbrooke.ca\/histoire\/index.php?rest_route=%2Fwp%2Fv2%2Fcategories&post=11"},{"taxonomy":"post_tag","embeddable":true,"href":"https:\/\/histoirehaitimontreal.espaceweb.usherbrooke.ca\/histoire\/index.php?rest_route=%2Fwp%2Fv2%2Ftags&post=11"}],"curies":[{"name":"wp","href":"https:\/\/api.w.org\/{rel}","templated":true}]}}